{"id":2564,"date":"2021-12-22T07:48:48","date_gmt":"2021-12-22T07:48:48","guid":{"rendered":"https:\/\/horlewire.com\/?p=2564"},"modified":"2021-12-22T07:48:48","modified_gmt":"2021-12-22T07:48:48","slug":"huesecken-wire-gruendungsmitglied-im-energieeffizienz-netzwerk-draht","status":"publish","type":"post","link":"https:\/\/horlewire.com\/de\/huesecken-wire-gruendungsmitglied-im-energieeffizienz-netzwerk-draht\/","title":{"rendered":"Huesecken Wire Gr\u00fcndungsmitglied im Energieeffizienz-Netzwerk Draht!"},"content":{"rendered":"<p>Huesecken Wire Gr\u00fcndungsmitglied im Energieeffizienz-Netzwerk Draht<\/p>\n<p>&nbsp;<\/p>\n<p>F\u00fcnf regional t\u00e4tige Unternehmen aus der Drahtbranche gr\u00fcndeten am 02.12.21 in Menden das<\/p>\n<p>Energieeffizienz-Netzwerk Draht. Unter der Federf\u00fchrung des Netzwerk Draht e.V. werden die f\u00fcnf<\/p>\n<p>Gr\u00fcndungsmitglieder, zu denen auch Huesecken Wire GmbH geh\u00f6rt, in den n\u00e4chsten drei Jahren gemeinsam nach Wegen suchen, um eine Steigerung der Energieeffizienz, Klimaschutz, Energiewende und Nachhaltigkeit zu erzielen.<\/p>\n<p>&nbsp;<\/p>\n<p>Huesecken Wire founding member of the Energy Efficiency Network Wire<\/p>\n<p>&nbsp;<\/p>\n<p>Five regionally active companies from the wire industry founded the Energy Efficiency Network Wire on 02.12.21 in Menden. Under the leadership of Netzwerk Draht e.V., the five founding members, which also include Huesecken Wire GmbH, will jointly seek ways to achieve an increase in energy efficiency, climate protection, energy transition and sustainability over the next three years.<\/p>\n<p><a href=\"https:\/\/www.netzwerkdraht.de\/aktuelles\/\">https:\/\/www.netzwerkdraht.de\/aktuelles\/<\/a><\/p>\n","protected":false},"excerpt":{"rendered":"<p>Huesecken Wire Gr\u00fcndungsmitglied im Energieeffizienz-Netzwerk Draht &nbsp; F\u00fcnf regional t\u00e4tige Unternehmen aus der Drahtbranche gr\u00fcndeten am 02.12.21 in Menden das Energieeffizienz-Netzwerk Draht. Unter der Federf\u00fchrung des Netzwerk Draht e.V. werden die f\u00fcnf Gr\u00fcndungsmitglieder, zu denen auch Huesecken Wire GmbH geh\u00f6rt, in den n\u00e4chsten drei Jahren gemeinsam nach Wegen suchen, um eine Steigerung der Energieeffizienz, Klimaschutz, &#8230;<\/p>\n","protected":false},"author":2,"featured_media":2574,"comment_status":"closed","ping_status":"open","sticky":false,"template":"","format":"standard","meta":{"_acf_changed":false,"footnotes":""},"categories":[6],"tags":[],"class_list":["post-2564","post","type-post","status-publish","format-standard","has-post-thumbnail","hentry","category-unkategorisiert"],"acf":[],"yoast_head":"<!-- This site is optimized with the Yoast SEO plugin v26.7 - https:\/\/yoast.com\/wordpress\/plugins\/seo\/ -->\n<title>Huesecken Wire Gr\u00fcndungsmitglied im Energieeffizienz-Netzwerk Draht! - H\u00f6rle Wire<\/title>\n<meta name=\"robots\" content=\"index, follow, max-snippet:-1, max-image-preview:large, max-video-preview:-1\" \/>\n<link rel=\"canonical\" href=\"https:\/\/horlewire.com\/de\/huesecken-wire-gruendungsmitglied-im-energieeffizienz-netzwerk-draht\/\" \/>\n<meta property=\"og:locale\" content=\"de_DE\" \/>\n<meta property=\"og:type\" content=\"article\" \/>\n<meta property=\"og:title\" content=\"Huesecken Wire Gr\u00fcndungsmitglied im Energieeffizienz-Netzwerk Draht! - H\u00f6rle Wire\" \/>\n<meta property=\"og:description\" content=\"Huesecken Wire Gr\u00fcndungsmitglied im Energieeffizienz-Netzwerk Draht &nbsp; F\u00fcnf regional t\u00e4tige Unternehmen aus der Drahtbranche gr\u00fcndeten am 02.12.21 in Menden das Energieeffizienz-Netzwerk Draht. Unter der Federf\u00fchrung des Netzwerk Draht e.V. werden die f\u00fcnf Gr\u00fcndungsmitglieder, zu denen auch Huesecken Wire GmbH geh\u00f6rt, in den n\u00e4chsten drei Jahren gemeinsam nach Wegen suchen, um eine Steigerung der Energieeffizienz, Klimaschutz, ...\" \/>\n<meta property=\"og:url\" content=\"https:\/\/horlewire.com\/de\/huesecken-wire-gruendungsmitglied-im-energieeffizienz-netzwerk-draht\/\" \/>\n<meta property=\"og:site_name\" content=\"H\u00f6rle Wire\" \/>\n<meta property=\"article:published_time\" content=\"2021-12-22T07:48:48+00:00\" \/>\n<meta property=\"og:image\" content=\"https:\/\/horlewire.com\/wp-content\/uploads\/2021\/12\/IEKN_Logo-RGB-700px.png\" \/>\n\t<meta property=\"og:image:width\" content=\"700\" \/>\n\t<meta property=\"og:image:height\" content=\"306\" \/>\n\t<meta property=\"og:image:type\" content=\"image\/png\" \/>\n<meta name=\"author\" content=\"Horle_Wire\" \/>\n<meta name=\"twitter:card\" content=\"summary_large_image\" \/>\n<meta name=\"twitter:label1\" content=\"Verfasst von\" \/>\n\t<meta name=\"twitter:data1\" content=\"Horle_Wire\" \/>\n\t<meta name=\"twitter:label2\" content=\"Gesch\u00e4tzte Lesezeit\" \/>\n\t<meta name=\"twitter:data2\" content=\"1\u00a0Minute\" \/>\n<script type=\"application\/ld+json\" class=\"yoast-schema-graph\">{\"@context\":\"https:\/\/schema.org\",\"@graph\":[{\"@type\":\"Article\",\"@id\":\"https:\/\/horlewire.com\/de\/huesecken-wire-gruendungsmitglied-im-energieeffizienz-netzwerk-draht\/#article\",\"isPartOf\":{\"@id\":\"https:\/\/horlewire.com\/de\/huesecken-wire-gruendungsmitglied-im-energieeffizienz-netzwerk-draht\/\"},\"author\":{\"name\":\"Horle_Wire\",\"@id\":\"https:\/\/horlewire.com\/sk\/#\/schema\/person\/8ab8ebd9cfd8dfc36b4217072348be3d\"},\"headline\":\"Huesecken Wire Gr\u00fcndungsmitglied im Energieeffizienz-Netzwerk Draht!\",\"datePublished\":\"2021-12-22T07:48:48+00:00\",\"mainEntityOfPage\":{\"@id\":\"https:\/\/horlewire.com\/de\/huesecken-wire-gruendungsmitglied-im-energieeffizienz-netzwerk-draht\/\"},\"wordCount\":150,\"image\":{\"@id\":\"https:\/\/horlewire.com\/de\/huesecken-wire-gruendungsmitglied-im-energieeffizienz-netzwerk-draht\/#primaryimage\"},\"thumbnailUrl\":\"https:\/\/horlewire.com\/wp-content\/uploads\/2021\/12\/IEKN_Logo-RGB-700px.png\",\"articleSection\":[\"Unkategorisiert\"],\"inLanguage\":\"de\"},{\"@type\":\"WebPage\",\"@id\":\"https:\/\/horlewire.com\/de\/huesecken-wire-gruendungsmitglied-im-energieeffizienz-netzwerk-draht\/\",\"url\":\"https:\/\/horlewire.com\/de\/huesecken-wire-gruendungsmitglied-im-energieeffizienz-netzwerk-draht\/\",\"name\":\"Huesecken Wire Gr\u00fcndungsmitglied im Energieeffizienz-Netzwerk Draht! - H\u00f6rle Wire\",\"isPartOf\":{\"@id\":\"https:\/\/horlewire.com\/sk\/#website\"},\"primaryImageOfPage\":{\"@id\":\"https:\/\/horlewire.com\/de\/huesecken-wire-gruendungsmitglied-im-energieeffizienz-netzwerk-draht\/#primaryimage\"},\"image\":{\"@id\":\"https:\/\/horlewire.com\/de\/huesecken-wire-gruendungsmitglied-im-energieeffizienz-netzwerk-draht\/#primaryimage\"},\"thumbnailUrl\":\"https:\/\/horlewire.com\/wp-content\/uploads\/2021\/12\/IEKN_Logo-RGB-700px.png\",\"datePublished\":\"2021-12-22T07:48:48+00:00\",\"author\":{\"@id\":\"https:\/\/horlewire.com\/sk\/#\/schema\/person\/8ab8ebd9cfd8dfc36b4217072348be3d\"},\"breadcrumb\":{\"@id\":\"https:\/\/horlewire.com\/de\/huesecken-wire-gruendungsmitglied-im-energieeffizienz-netzwerk-draht\/#breadcrumb\"},\"inLanguage\":\"de\",\"potentialAction\":[{\"@type\":\"ReadAction\",\"target\":[\"https:\/\/horlewire.com\/de\/huesecken-wire-gruendungsmitglied-im-energieeffizienz-netzwerk-draht\/\"]}]},{\"@type\":\"ImageObject\",\"inLanguage\":\"de\",\"@id\":\"https:\/\/horlewire.com\/de\/huesecken-wire-gruendungsmitglied-im-energieeffizienz-netzwerk-draht\/#primaryimage\",\"url\":\"https:\/\/horlewire.com\/wp-content\/uploads\/2021\/12\/IEKN_Logo-RGB-700px.png\",\"contentUrl\":\"https:\/\/horlewire.com\/wp-content\/uploads\/2021\/12\/IEKN_Logo-RGB-700px.png\",\"width\":700,\"height\":306},{\"@type\":\"BreadcrumbList\",\"@id\":\"https:\/\/horlewire.com\/de\/huesecken-wire-gruendungsmitglied-im-energieeffizienz-netzwerk-draht\/#breadcrumb\",\"itemListElement\":[{\"@type\":\"ListItem\",\"position\":1,\"name\":\"Hem\",\"item\":\"https:\/\/horlewire.com\/de\/\"},{\"@type\":\"ListItem\",\"position\":2,\"name\":\"Huesecken Wire Gr\u00fcndungsmitglied im Energieeffizienz-Netzwerk Draht!\"}]},{\"@type\":\"WebSite\",\"@id\":\"https:\/\/horlewire.com\/sk\/#website\",\"url\":\"https:\/\/horlewire.com\/sk\/\",\"name\":\"H\u00f6rle Wire\",\"description\":\"Welcome to H\u00f6rle Wire Group\",\"potentialAction\":[{\"@type\":\"SearchAction\",\"target\":{\"@type\":\"EntryPoint\",\"urlTemplate\":\"https:\/\/horlewire.com\/sk\/?s={search_term_string}\"},\"query-input\":{\"@type\":\"PropertyValueSpecification\",\"valueRequired\":true,\"valueName\":\"search_term_string\"}}],\"inLanguage\":\"de\"},{\"@type\":\"Person\",\"@id\":\"https:\/\/horlewire.com\/sk\/#\/schema\/person\/8ab8ebd9cfd8dfc36b4217072348be3d\",\"name\":\"Horle_Wire\",\"sameAs\":[\"https:\/\/www.linkedin.com\/company\/hrle-wire-group\/?viewAsMember=true\"],\"url\":\"https:\/\/horlewire.com\/de\/author\/horle_wire\/\"}]}<\/script>\n<!-- \/ Yoast SEO plugin. -->","yoast_head_json":{"title":"Huesecken Wire Gr\u00fcndungsmitglied im Energieeffizienz-Netzwerk Draht! - H\u00f6rle Wire","robots":{"index":"index","follow":"follow","max-snippet":"max-snippet:-1","max-image-preview":"max-image-preview:large","max-video-preview":"max-video-preview:-1"},"canonical":"https:\/\/horlewire.com\/de\/huesecken-wire-gruendungsmitglied-im-energieeffizienz-netzwerk-draht\/","og_locale":"de_DE","og_type":"article","og_title":"Huesecken Wire Gr\u00fcndungsmitglied im Energieeffizienz-Netzwerk Draht! - H\u00f6rle Wire","og_description":"Huesecken Wire Gr\u00fcndungsmitglied im Energieeffizienz-Netzwerk Draht &nbsp; F\u00fcnf regional t\u00e4tige Unternehmen aus der Drahtbranche gr\u00fcndeten am 02.12.21 in Menden das Energieeffizienz-Netzwerk Draht. Unter der Federf\u00fchrung des Netzwerk Draht e.V. werden die f\u00fcnf Gr\u00fcndungsmitglieder, zu denen auch Huesecken Wire GmbH geh\u00f6rt, in den n\u00e4chsten drei Jahren gemeinsam nach Wegen suchen, um eine Steigerung der Energieeffizienz, Klimaschutz, ...","og_url":"https:\/\/horlewire.com\/de\/huesecken-wire-gruendungsmitglied-im-energieeffizienz-netzwerk-draht\/","og_site_name":"H\u00f6rle Wire","article_published_time":"2021-12-22T07:48:48+00:00","og_image":[{"width":700,"height":306,"url":"https:\/\/horlewire.com\/wp-content\/uploads\/2021\/12\/IEKN_Logo-RGB-700px.png","type":"image\/png"}],"author":"Horle_Wire","twitter_card":"summary_large_image","twitter_misc":{"Verfasst von":"Horle_Wire","Gesch\u00e4tzte Lesezeit":"1\u00a0Minute"},"schema":{"@context":"https:\/\/schema.org","@graph":[{"@type":"Article","@id":"https:\/\/horlewire.com\/de\/huesecken-wire-gruendungsmitglied-im-energieeffizienz-netzwerk-draht\/#article","isPartOf":{"@id":"https:\/\/horlewire.com\/de\/huesecken-wire-gruendungsmitglied-im-energieeffizienz-netzwerk-draht\/"},"author":{"name":"Horle_Wire","@id":"https:\/\/horlewire.com\/sk\/#\/schema\/person\/8ab8ebd9cfd8dfc36b4217072348be3d"},"headline":"Huesecken Wire Gr\u00fcndungsmitglied im Energieeffizienz-Netzwerk Draht!","datePublished":"2021-12-22T07:48:48+00:00","mainEntityOfPage":{"@id":"https:\/\/horlewire.com\/de\/huesecken-wire-gruendungsmitglied-im-energieeffizienz-netzwerk-draht\/"},"wordCount":150,"image":{"@id":"https:\/\/horlewire.com\/de\/huesecken-wire-gruendungsmitglied-im-energieeffizienz-netzwerk-draht\/#primaryimage"},"thumbnailUrl":"https:\/\/horlewire.com\/wp-content\/uploads\/2021\/12\/IEKN_Logo-RGB-700px.png","articleSection":["Unkategorisiert"],"inLanguage":"de"},{"@type":"WebPage","@id":"https:\/\/horlewire.com\/de\/huesecken-wire-gruendungsmitglied-im-energieeffizienz-netzwerk-draht\/","url":"https:\/\/horlewire.com\/de\/huesecken-wire-gruendungsmitglied-im-energieeffizienz-netzwerk-draht\/","name":"Huesecken Wire Gr\u00fcndungsmitglied im Energieeffizienz-Netzwerk Draht! - H\u00f6rle Wire","isPartOf":{"@id":"https:\/\/horlewire.com\/sk\/#website"},"primaryImageOfPage":{"@id":"https:\/\/horlewire.com\/de\/huesecken-wire-gruendungsmitglied-im-energieeffizienz-netzwerk-draht\/#primaryimage"},"image":{"@id":"https:\/\/horlewire.com\/de\/huesecken-wire-gruendungsmitglied-im-energieeffizienz-netzwerk-draht\/#primaryimage"},"thumbnailUrl":"https:\/\/horlewire.com\/wp-content\/uploads\/2021\/12\/IEKN_Logo-RGB-700px.png","datePublished":"2021-12-22T07:48:48+00:00","author":{"@id":"https:\/\/horlewire.com\/sk\/#\/schema\/person\/8ab8ebd9cfd8dfc36b4217072348be3d"},"breadcrumb":{"@id":"https:\/\/horlewire.com\/de\/huesecken-wire-gruendungsmitglied-im-energieeffizienz-netzwerk-draht\/#breadcrumb"},"inLanguage":"de","potentialAction":[{"@type":"ReadAction","target":["https:\/\/horlewire.com\/de\/huesecken-wire-gruendungsmitglied-im-energieeffizienz-netzwerk-draht\/"]}]},{"@type":"ImageObject","inLanguage":"de","@id":"https:\/\/horlewire.com\/de\/huesecken-wire-gruendungsmitglied-im-energieeffizienz-netzwerk-draht\/#primaryimage","url":"https:\/\/horlewire.com\/wp-content\/uploads\/2021\/12\/IEKN_Logo-RGB-700px.png","contentUrl":"https:\/\/horlewire.com\/wp-content\/uploads\/2021\/12\/IEKN_Logo-RGB-700px.png","width":700,"height":306},{"@type":"BreadcrumbList","@id":"https:\/\/horlewire.com\/de\/huesecken-wire-gruendungsmitglied-im-energieeffizienz-netzwerk-draht\/#breadcrumb","itemListElement":[{"@type":"ListItem","position":1,"name":"Hem","item":"https:\/\/horlewire.com\/de\/"},{"@type":"ListItem","position":2,"name":"Huesecken Wire Gr\u00fcndungsmitglied im Energieeffizienz-Netzwerk Draht!"}]},{"@type":"WebSite","@id":"https:\/\/horlewire.com\/sk\/#website","url":"https:\/\/horlewire.com\/sk\/","name":"H\u00f6rle Wire","description":"Welcome to H\u00f6rle Wire Group","potentialAction":[{"@type":"SearchAction","target":{"@type":"EntryPoint","urlTemplate":"https:\/\/horlewire.com\/sk\/?s={search_term_string}"},"query-input":{"@type":"PropertyValueSpecification","valueRequired":true,"valueName":"search_term_string"}}],"inLanguage":"de"},{"@type":"Person","@id":"https:\/\/horlewire.com\/sk\/#\/schema\/person\/8ab8ebd9cfd8dfc36b4217072348be3d","name":"Horle_Wire","sameAs":["https:\/\/www.linkedin.com\/company\/hrle-wire-group\/?viewAsMember=true"],"url":"https:\/\/horlewire.com\/de\/author\/horle_wire\/"}]}},"_links":{"self":[{"href":"https:\/\/horlewire.com\/de\/wp-json\/wp\/v2\/posts\/2564","targetHints":{"allow":["GET"]}}],"collection":[{"href":"https:\/\/horlewire.com\/de\/wp-json\/wp\/v2\/posts"}],"about":[{"href":"https:\/\/horlewire.com\/de\/wp-json\/wp\/v2\/types\/post"}],"author":[{"embeddable":true,"href":"https:\/\/horlewire.com\/de\/wp-json\/wp\/v2\/users\/2"}],"replies":[{"embeddable":true,"href":"https:\/\/horlewire.com\/de\/wp-json\/wp\/v2\/comments?post=2564"}],"version-history":[{"count":2,"href":"https:\/\/horlewire.com\/de\/wp-json\/wp\/v2\/posts\/2564\/revisions"}],"predecessor-version":[{"id":2578,"href":"https:\/\/horlewire.com\/de\/wp-json\/wp\/v2\/posts\/2564\/revisions\/2578"}],"wp:featuredmedia":[{"embeddable":true,"href":"https:\/\/horlewire.com\/de\/wp-json\/wp\/v2\/media\/2574"}],"wp:attachment":[{"href":"https:\/\/horlewire.com\/de\/wp-json\/wp\/v2\/media?parent=2564"}],"wp:term":[{"taxonomy":"category","embeddable":true,"href":"https:\/\/horlewire.com\/de\/wp-json\/wp\/v2\/categories?post=2564"},{"taxonomy":"post_tag","embeddable":true,"href":"https:\/\/horlewire.com\/de\/wp-json\/wp\/v2\/tags?post=2564"}],"curies":[{"name":"wp","href":"https:\/\/api.w.org\/{rel}","templated":true}]}}